{"id":990110527,"date":"2026-04-02T18:56:30","date_gmt":"2026-04-02T18:56:30","guid":{"rendered":"https:\/\/borzsonymentok.hu\/2026\/04\/02\/ankle-injury-on-nagy-hideg-mountain\/"},"modified":"2026-07-05T22:22:37","modified_gmt":"2026-07-05T22:22:37","slug":"ankle-injury-on-nagy-hideg-mountain","status":"publish","type":"post","link":"https:\/\/borzsonymentok.hu\/en\/2026\/04\/02\/ankle-injury-on-nagy-hideg-mountain\/","title":{"rendered":"Ankle Injury on Nagy-Hideg Mountain"},"content":{"rendered":"<p>{&#8220;main-title&#8221;:{&#8220;component&#8221;:&#8221;hc_title&#8221;,&#8221;id&#8221;:&#8221;main-title&#8221;,&#8221;title&#8221;:&#8221;A Cs\u00f3v\u00e1nyoson rekedtek a turist\u00e1k&#8221;,&#8221;subtitle&#8221;:&#8221;   &#8220;,&#8221;title_content&#8221;:{&#8220;component&#8221;:&#8221;hc_title_base&#8221;,&#8221;id&#8221;:&#8221;title-base&#8221;,&#8221;image&#8221;:&#8221;&#8221;,&#8221;breadcrumbs&#8221;:false,&#8221;light&#8221;:false,&#8221;alignment&#8221;:&#8221;&#8221;}},&#8221;Nt8pS&#8221;:{&#8220;component&#8221;:&#8221;hc_section&#8221;,&#8221;id&#8221;:&#8221;Nt8pS&#8221;,&#8221;section_width&#8221;:&#8221;&#8221;,&#8221;animation&#8221;:&#8221;&#8221;,&#8221;animation_time&#8221;:&#8221;&#8221;,&#8221;timeline_animation&#8221;:&#8221;&#8221;,&#8221;timeline_delay&#8221;:&#8221;&#8221;,&#8221;timeline_order&#8221;:&#8221;&#8221;,&#8221;vertical_row&#8221;:&#8221;&#8221;,&#8221;css_classes&#8221;:&#8221;&#8221;,&#8221;custom_css_classes&#8221;:&#8221;&#8221;,&#8221;custom_css_styles&#8221;:&#8221;&#8221;,&#8221;section_content&#8221;:[{&#8220;component&#8221;:&#8221;hc_column&#8221;,&#8221;id&#8221;:&#8221;Qj6KE&#8221;,&#8221;column_width&#8221;:&#8221;col-md-12&#8243;,&#8221;animation&#8221;:&#8221;&#8221;,&#8221;animation_time&#8221;:&#8221;&#8221;,&#8221;timeline_animation&#8221;:&#8221;&#8221;,&#8221;timeline_delay&#8221;:&#8221;&#8221;,&#8221;timeline_order&#8221;:&#8221;&#8221;,&#8221;css_classes&#8221;:&#8221;&#8221;,&#8221;custom_css_classes&#8221;:&#8221;&#8221;,&#8221;custom_css_styles&#8221;:&#8221;&#8221;,&#8221;main_content&#8221;:[{&#8220;component&#8221;:&#8221;hc_image&#8221;,&#8221;id&#8221;:&#8221;xJz0l&#8221;,&#8221;css_classes&#8221;:&#8221;&#8221;,&#8221;custom_css_classes&#8221;:&#8221;&#8221;,&#8221;custom_css_styles&#8221;:&#8221;&#8221;,&#8221;image&#8221;:&#8221;https:\/\/borzsonymentok.hu\/wp-content\/uploads\/2026\/04\/20260402_1.jpeg|500|800|990110400&#8243;,&#8221;alt&#8221;:&#8221;&#8221;,&#8221;thumb_size&#8221;:&#8221;full&#8221;},{&#8220;component&#8221;:&#8221;hc_pt_post_informations&#8221;,&#8221;id&#8221;:&#8221;5ZtkF&#8221;,&#8221;css_classes&#8221;:&#8221;&#8221;,&#8221;custom_css_classes&#8221;:&#8221;&#8221;,&#8221;custom_css_styles&#8221;:&#8221;&#8221;,&#8221;post_type_slug&#8221;:&#8221;&#8221;,&#8221;position&#8221;:&#8221;left&#8221;,&#8221;date&#8221;:true,&#8221;categories&#8221;:true,&#8221;author&#8221;:true,&#8221;share&#8221;:true},{&#8220;component&#8221;:&#8221;hc_space&#8221;,&#8221;id&#8221;:&#8221;ODv3C&#8221;,&#8221;css_classes&#8221;:&#8221;&#8221;,&#8221;custom_css_classes&#8221;:&#8221;&#8221;,&#8221;custom_css_styles&#8221;:&#8221;&#8221;,&#8221;size&#8221;:&#8221;space-sm&#8221;,&#8221;height&#8221;:&#8221;&#8221;},{&#8220;component&#8221;:&#8221;hc_social_share_buttons&#8221;,&#8221;id&#8221;:&#8221;Sg1Ha&#8221;,&#8221;css_classes&#8221;:&#8221;&#8221;,&#8221;custom_css_classes&#8221;:&#8221;&#8221;,&#8221;custom_css_styles&#8221;:&#8221;&#8221;,&#8221;style&#8221;:&#8221;icon-links-grid&#8221;,&#8221;size&#8221;:&#8221;&#8221;,&#8221;alignment&#8221;:&#8221;&#8221;,&#8221;type&#8221;:&#8221;&#8221;,&#8221;social_colors&#8221;:true,&#8221;fb&#8221;:true,&#8221;fb_link&#8221;:&#8221;&#8221;,&#8221;tw&#8221;:true,&#8221;tw_link&#8221;:&#8221;&#8221;,&#8221;g+&#8221;:false,&#8221;g+_link&#8221;:&#8221;&#8221;,&#8221;li&#8221;:false,&#8221;li_link&#8221;:&#8221;&#8221;},{&#8220;component&#8221;:&#8221;hc_space&#8221;,&#8221;id&#8221;:&#8221;t0dTt&#8221;,&#8221;css_classes&#8221;:&#8221;&#8221;,&#8221;custom_css_classes&#8221;:&#8221;&#8221;,&#8221;custom_css_styles&#8221;:&#8221;&#8221;,&#8221;size&#8221;:&#8221;space-sm&#8221;,&#8221;height&#8221;:&#8221;&#8221;},{&#8220;component&#8221;:&#8221;hc_text_block&#8221;,&#8221;id&#8221;:&#8221;CdWi2&#8243;,&#8221;css_classes&#8221;:&#8221;&#8221;,&#8221;custom_css_classes&#8221;:&#8221;&#8221;,&#8221;custom_css_styles&#8221;:&#8221;&#8221;,&#8221;content&#8221;:&#8221;At 4:40 p.m. on Thursday, the B\u00f6rzs\u00f6ny Mountain Rescue Service received a call from a teacher accompanying a high school class. The group had been hiking from the Kisin\u00f3c Tourist Lodge towards Nagy-Hideg-hegy when two graduating students began complaining of ankle pain.\\n\\nAfter consulting with the teacher, the mountain rescue dispatcher advised the rest of the class and the accompanying teachers to begin walking back towards Kisin\u00f3c before darkness fell. The two injured students were asked to remain at the Nagy-Hideg-hegy Tourist Lodge and wait for the rescuers.\\n\\nLess than thirty minutes later, two mountain rescuers arrived at Nagy-Hideg-hegy. Our paramedic examined both students and determined that while one girl&#8217;s symptoms were most likely caused by overexertion and fatigue, the other had sustained what appeared to be a more serious ankle injury.\\n\\nFollowing the examination, the rescuers decided to transport the injured student, together with her accompanying teacher, to the hospital in V\u00e1c for further medical evaluation. They also remained in contact with the teacher leading the class, who later drove to the hospital to meet them.\\n\\nThe operation was completed without incident, and the rest of the class returned safely to Kisin\u00f3c.&#8221;},{&#8220;component&#8221;:&#8221;hc_space&#8221;,&#8221;id&#8221;:&#8221;oFqy9&#8243;,&#8221;css_classes&#8221;:&#8221;&#8221;,&#8221;custom_css_classes&#8221;:&#8221;&#8221;,&#8221;custom_css_styles&#8221;:&#8221;&#8221;,&#8221;size&#8221;:&#8221;space-xs&#8221;,&#8221;height&#8221;:&#8221;&#8221;},{&#8220;component&#8221;:&#8221;hc_text_block&#8221;,&#8221;id&#8221;:&#8221;CVVzW&#8221;,&#8221;css_classes&#8221;:&#8221;&#8221;,&#8221;custom_css_classes&#8221;:&#8221;&#8221;,&#8221;custom_css_styles&#8221;:&#8221;&#8221;,&#8221;content&#8221;:&#8221;\u203c\ufe0f <b>K\u00e9rj\u00fck, hogy az idei ad\u00f3bevall\u00e1s sor\u00e1n is gondoljatok r\u00e1nk, \u00e9s az 1% felaj\u00e1nl\u00e1st tegy\u00e9tek meg a B\u00f6rzs\u00f6nyi Speci\u00e1lis Ment\u0151- \u00e9s \u00d6nk\u00e9ntes T\u0171zolt\u00f3 Egyes\u00fclet r\u00e9sz\u00e9re, ad\u00f3sz\u00e1m: 19347026-1-13. K\u00f6sz\u00f6nj\u00fck<\/b> \u2764\\n\u203c\ufe0f A kit\u00f6lt\u00e9sn\u00e9l l\u00e9gy sz\u00edves ad\u00f3sz\u00e1m alapj\u00e1n v\u00e1lassz\u00e1tok ki a szervezet\u00fcnket, a \u201eB\u00f6rzs\u00f6nyi Hegyiment\u0151k Egyes\u00fclete\u201d nem mi vagyunk, hanem egy m\u00e1sik &#8211; hagyom\u00e1ny\u0151rz\u0151 &#8211; egyes\u00fclet \u203c\ufe0f&#8221;},{&#8220;component&#8221;:&#8221;hc_separator&#8221;,&#8221;id&#8221;:&#8221;9CjQo&#8221;,&#8221;css_classes&#8221;:&#8221;&#8221;,&#8221;custom_css_classes&#8221;:&#8221;&#8221;,&#8221;custom_css_styles&#8221;:&#8221;&#8221;},{&#8220;component&#8221;:&#8221;hc_text_block&#8221;,&#8221;id&#8221;:&#8221;a5uGE&#8221;,&#8221;css_classes&#8221;:&#8221;&#8221;,&#8221;custom_css_classes&#8221;:&#8221;&#8221;,&#8221;custom_css_styles&#8221;:&#8221;&#8221;,&#8221;content&#8221;:&#8221;<br \/>\\n&#8220;},{&#8220;component&#8221;:&#8221;hc_text_block&#8221;,&#8221;id&#8221;:&#8221;5hFW6&#8243;,&#8221;css_classes&#8221;:&#8221;&#8221;,&#8221;custom_css_classes&#8221;:&#8221;&#8221;,&#8221;custom_css_styles&#8221;:&#8221;&#8221;,&#8221;content&#8221;:&#8221;<!-- Shortcode is missing \"name\" attribute -->&#8220;},{&#8220;component&#8221;:&#8221;hc_separator&#8221;,&#8221;id&#8221;:&#8221;qOEew&#8221;,&#8221;css_classes&#8221;:&#8221;&#8221;,&#8221;custom_css_classes&#8221;:&#8221;&#8221;,&#8221;custom_css_styles&#8221;:&#8221;&#8221;},{&#8220;component&#8221;:&#8221;hc_pt_navigation&#8221;,&#8221;id&#8221;:&#8221;kE6aF&#8221;,&#8221;css_classes&#8221;:&#8221;&#8221;,&#8221;custom_css_classes&#8221;:&#8221;&#8221;,&#8221;custom_css_styles&#8221;:&#8221;&#8221;,&#8221;post_type_slug&#8221;:&#8221;post&#8221;,&#8221;archive_link&#8221;:&#8221;\/hirek&#8221;,&#8221;previous_text&#8221;:&#8221;El\u0151z\u0151 h\u00edr&#8221;,&#8221;next_text&#8221;:&#8221;K\u00f6vetkez\u0151 h\u00edr&#8221;}]}],&#8221;section_settings&#8221;:&#8221;&#8221;},&#8221;scripts&#8221;:{},&#8221;css&#8221;:{},&#8221;css_page&#8221;:&#8221;&#8221;,&#8221;template_setting&#8221;:{},&#8221;template_setting_top&#8221;:{},&#8221;page_setting&#8221;:{&#8220;settings&#8221;:[&#8220;lock-mode-off&#8221;]},&#8221;post_type_setting&#8221;:{&#8220;settings&#8221;:{&#8220;image&#8221;:&#8221;https:\/\/borzsonymentok.hu\/wp-content\/uploads\/2026\/04\/20260402_1.jpeg|500|800|990110400&#8243;,&#8221;excerpt&#8221;:&#8221;Two high school students were injured during a class hiking trip while walking from Kisin\u00f3c to Nagy-Hideg-hegy.&#8221;,&#8221;extra_1&#8243;:&#8221;&#8221;,&#8221;extra_2&#8243;:&#8221;&#8221;,&#8221;icon&#8221;:{&#8220;icon&#8221;:&#8221;&#8221;,&#8221;icon_style&#8221;:&#8221;&#8221;,&#8221;icon_image&#8221;:&#8221;&#8221;}}}}<\/p>\n","protected":false},"excerpt":{"rendered":"<p>Two high school girls were injured on a class field trip while hiking from Kisin\u00f3c to Nagy-Hideg-hegy.<\/p>\n","protected":false},"author":1,"featured_media":990110526,"comment_status":"closed","ping_status":"open","sticky":false,"template":"","format":"standard","meta":{"footnotes":""},"categories":[117,78,42,44],"tags":[],"class_list":["post-990110527","post","type-post","status-publish","format-standard","has-post-thumbnail","hentry","category-borzsony-en","category-nagy-hideg-hegy-en","category-news","category-rescue"],"_links":{"self":[{"href":"https:\/\/borzsonymentok.hu\/en\/wp-json\/wp\/v2\/posts\/990110527","targetHints":{"allow":["GET"]}}],"collection":[{"href":"https:\/\/borzsonymentok.hu\/en\/wp-json\/wp\/v2\/posts"}],"about":[{"href":"https:\/\/borzsonymentok.hu\/en\/wp-json\/wp\/v2\/types\/post"}],"author":[{"embeddable":true,"href":"https:\/\/borzsonymentok.hu\/en\/wp-json\/wp\/v2\/users\/1"}],"replies":[{"embeddable":true,"href":"https:\/\/borzsonymentok.hu\/en\/wp-json\/wp\/v2\/comments?post=990110527"}],"version-history":[{"count":1,"href":"https:\/\/borzsonymentok.hu\/en\/wp-json\/wp\/v2\/posts\/990110527\/revisions"}],"predecessor-version":[{"id":990110528,"href":"https:\/\/borzsonymentok.hu\/en\/wp-json\/wp\/v2\/posts\/990110527\/revisions\/990110528"}],"wp:featuredmedia":[{"embeddable":true,"href":"https:\/\/borzsonymentok.hu\/en\/wp-json\/wp\/v2\/media\/990110526"}],"wp:attachment":[{"href":"https:\/\/borzsonymentok.hu\/en\/wp-json\/wp\/v2\/media?parent=990110527"}],"wp:term":[{"taxonomy":"category","embeddable":true,"href":"https:\/\/borzsonymentok.hu\/en\/wp-json\/wp\/v2\/categories?post=990110527"},{"taxonomy":"post_tag","embeddable":true,"href":"https:\/\/borzsonymentok.hu\/en\/wp-json\/wp\/v2\/tags?post=990110527"}],"curies":[{"name":"wp","href":"https:\/\/api.w.org\/{rel}","templated":true}]}}