{"id":990110660,"date":"2026-07-24T17:51:08","date_gmt":"2026-07-24T17:51:08","guid":{"rendered":"https:\/\/borzsonymentok.hu\/2026\/07\/24\/three-rescues-on-friday-in-the-borzsony-mountains\/"},"modified":"2026-08-30T20:43:29","modified_gmt":"2026-08-30T20:43:29","slug":"three-rescues-on-friday-in-the-borzsony-mountains","status":"publish","type":"post","link":"https:\/\/borzsonymentok.hu\/en\/2026\/07\/24\/three-rescues-on-friday-in-the-borzsony-mountains\/","title":{"rendered":"Three rescues on Friday in the B\u00f6rzs\u00f6ny Mountains"},"content":{"rendered":"<p>{&#8220;main-title&#8221;:{&#8220;component&#8221;:&#8221;hc_title&#8221;,&#8221;id&#8221;:&#8221;main-title&#8221;,&#8221;title&#8221;:&#8221;A Cs\u00f3v\u00e1nyoson rekedtek a turist\u00e1k&#8221;,&#8221;subtitle&#8221;:&#8221;Remete-barlang, J\u00e1nos-forr\u00e1s, V\u00e1r-nyereg&#8221;,&#8221;title_content&#8221;:{&#8220;component&#8221;:&#8221;hc_title_base&#8221;,&#8221;id&#8221;:&#8221;title-base&#8221;,&#8221;image&#8221;:&#8221;&#8221;,&#8221;breadcrumbs&#8221;:false,&#8221;light&#8221;:false,&#8221;alignment&#8221;:&#8221;&#8221;}},&#8221;Nt8pS&#8221;:{&#8220;component&#8221;:&#8221;hc_section&#8221;,&#8221;id&#8221;:&#8221;Nt8pS&#8221;,&#8221;section_width&#8221;:&#8221;&#8221;,&#8221;animation&#8221;:&#8221;&#8221;,&#8221;animation_time&#8221;:&#8221;&#8221;,&#8221;timeline_animation&#8221;:&#8221;&#8221;,&#8221;timeline_delay&#8221;:&#8221;&#8221;,&#8221;timeline_order&#8221;:&#8221;&#8221;,&#8221;vertical_row&#8221;:&#8221;&#8221;,&#8221;css_classes&#8221;:&#8221;&#8221;,&#8221;custom_css_classes&#8221;:&#8221;&#8221;,&#8221;custom_css_styles&#8221;:&#8221;&#8221;,&#8221;section_content&#8221;:[{&#8220;component&#8221;:&#8221;hc_column&#8221;,&#8221;id&#8221;:&#8221;Qj6KE&#8221;,&#8221;column_width&#8221;:&#8221;col-md-12&#8243;,&#8221;animation&#8221;:&#8221;&#8221;,&#8221;animation_time&#8221;:&#8221;&#8221;,&#8221;timeline_animation&#8221;:&#8221;&#8221;,&#8221;timeline_delay&#8221;:&#8221;&#8221;,&#8221;timeline_order&#8221;:&#8221;&#8221;,&#8221;css_classes&#8221;:&#8221;&#8221;,&#8221;custom_css_classes&#8221;:&#8221;&#8221;,&#8221;custom_css_styles&#8221;:&#8221;&#8221;,&#8221;main_content&#8221;:[{&#8220;component&#8221;:&#8221;hc_pt_post_informations&#8221;,&#8221;id&#8221;:&#8221;5ZtkF&#8221;,&#8221;css_classes&#8221;:&#8221;&#8221;,&#8221;custom_css_classes&#8221;:&#8221;&#8221;,&#8221;custom_css_styles&#8221;:&#8221;&#8221;,&#8221;post_type_slug&#8221;:&#8221;&#8221;,&#8221;position&#8221;:&#8221;left&#8221;,&#8221;date&#8221;:true,&#8221;categories&#8221;:true,&#8221;author&#8221;:true,&#8221;share&#8221;:true},{&#8220;component&#8221;:&#8221;hc_space&#8221;,&#8221;id&#8221;:&#8221;ODv3C&#8221;,&#8221;css_classes&#8221;:&#8221;&#8221;,&#8221;custom_css_classes&#8221;:&#8221;&#8221;,&#8221;custom_css_styles&#8221;:&#8221;&#8221;,&#8221;size&#8221;:&#8221;space-sm&#8221;,&#8221;height&#8221;:&#8221;&#8221;},{&#8220;component&#8221;:&#8221;hc_social_share_buttons&#8221;,&#8221;id&#8221;:&#8221;Sg1Ha&#8221;,&#8221;css_classes&#8221;:&#8221;&#8221;,&#8221;custom_css_classes&#8221;:&#8221;&#8221;,&#8221;custom_css_styles&#8221;:&#8221;&#8221;,&#8221;style&#8221;:&#8221;icon-links-grid&#8221;,&#8221;size&#8221;:&#8221;&#8221;,&#8221;alignment&#8221;:&#8221;&#8221;,&#8221;type&#8221;:&#8221;&#8221;,&#8221;social_colors&#8221;:true,&#8221;fb&#8221;:true,&#8221;fb_link&#8221;:&#8221;&#8221;,&#8221;tw&#8221;:true,&#8221;tw_link&#8221;:&#8221;&#8221;,&#8221;g+&#8221;:false,&#8221;g+_link&#8221;:&#8221;&#8221;,&#8221;li&#8221;:false,&#8221;li_link&#8221;:&#8221;&#8221;},{&#8220;component&#8221;:&#8221;hc_space&#8221;,&#8221;id&#8221;:&#8221;t0dTt&#8221;,&#8221;css_classes&#8221;:&#8221;&#8221;,&#8221;custom_css_classes&#8221;:&#8221;&#8221;,&#8221;custom_css_styles&#8221;:&#8221;&#8221;,&#8221;size&#8221;:&#8221;space-sm&#8221;,&#8221;height&#8221;:&#8221;&#8221;},{&#8220;component&#8221;:&#8221;hc_image&#8221;,&#8221;id&#8221;:&#8221;dEm17&#8243;,&#8221;css_classes&#8221;:&#8221;&#8221;,&#8221;custom_css_classes&#8221;:&#8221;&#8221;,&#8221;custom_css_styles&#8221;:&#8221;&#8221;,&#8221;image&#8221;:&#8221;https:\/\/borzsonymentok.hu\/wp-content\/uploads\/2026\/07\/20260724_esetek.jpg|450|800|990110569&#8243;,&#8221;alt&#8221;:&#8221;&#8221;,&#8221;thumb_size&#8221;:&#8221;full&#8221;},{&#8220;component&#8221;:&#8221;hc_space&#8221;,&#8221;id&#8221;:&#8221;RXLLg&#8221;,&#8221;css_classes&#8221;:&#8221;&#8221;,&#8221;custom_css_classes&#8221;:&#8221;&#8221;,&#8221;custom_css_styles&#8221;:&#8221;&#8221;,&#8221;size&#8221;:&#8221;space-sm&#8221;,&#8221;height&#8221;:&#8221;&#8221;},{&#8220;component&#8221;:&#8221;hc_title_tag&#8221;,&#8221;id&#8221;:&#8221;aZm3w&#8221;,&#8221;css_classes&#8221;:&#8221;&#8221;,&#8221;custom_css_classes&#8221;:&#8221;&#8221;,&#8221;custom_css_styles&#8221;:&#8221;&#8221;,&#8221;text&#8221;:&#8221;Incident 1 \u2013 Rope rescue near the Remete Cave&#8221;,&#8221;tag&#8221;:&#8221;h2&#8243;},{&#8220;component&#8221;:&#8221;hc_text_block&#8221;,&#8221;id&#8221;:&#8221;CdWi2&#8243;,&#8221;css_classes&#8221;:&#8221;&#8221;,&#8221;custom_css_classes&#8221;:&#8221;&#8221;,&#8221;custom_css_styles&#8221;:&#8221;&#8221;,&#8221;content&#8221;:&#8221;Two young hikers set off towards the Remete Cave from entirely the wrong direction, attempting to reach it from the railway tracks by climbing directly up the steep mountainside.\\n\\nThere is an approach from this direction towards the old quarry, but instead of following it, the pair attempted to climb straight up the steep slope below the caves. Eventually, they reached a point where they could no longer continue upwards. Moving down or sideways was no longer safe either, as they kept slipping on the loose rocks. \\n\\nThey therefore decided to call the 112 emergency number for assistance.\\nFollowing an alert from the Disaster Management Authority, professional firefighters from V\u00e1c, volunteer firefighters from Nagymaros and members of the B\u00f6rzs\u00f6ny Mountain Rescue Service were dispatched to the scene.\\n\\nMeanwhile, the Mountain Rescue Service duty officer established the exact location of the two stranded hikers and was able to provide the responding units with precise coordinates.\\n&#8221;},{&#8220;component&#8221;:&#8221;hc_image&#8221;,&#8221;id&#8221;:&#8221;Fs3zy&#8221;,&#8221;css_classes&#8221;:&#8221;&#8221;,&#8221;custom_css_classes&#8221;:&#8221;&#8221;,&#8221;custom_css_styles&#8221;:&#8221;&#8221;,&#8221;image&#8221;:&#8221;https:\/\/borzsonymentok.hu\/wp-content\/uploads\/2026\/07\/20260724_1_3.jpg|500|800|990110570&#8243;,&#8221;alt&#8221;:&#8221;&#8221;,&#8221;thumb_size&#8221;:&#8221;full&#8221;},{&#8220;component&#8221;:&#8221;hc_text_block&#8221;,&#8221;id&#8221;:&#8221;C4PWJ&#8221;,&#8221;css_classes&#8221;:&#8221;&#8221;,&#8221;custom_css_classes&#8221;:&#8221;&#8221;,&#8221;custom_css_styles&#8221;:&#8221;&#8221;,&#8221;content&#8221;:&#8221;The emergency units met on Main Road 12 and continued on foot towards the stranded hikers. Due to the steep and rocky terrain, the Mountain Rescue Service&#8217;s rope rescue specialists set up a rope system. With rope protection, and assisted by the professional firefighters from V\u00e1c and the volunteer firefighters from Nagymaros, they escorted the two hikers safely down the steep slope to the railway tracks.&#8221;},{&#8220;component&#8221;:&#8221;hc_image&#8221;,&#8221;id&#8221;:&#8221;rkewM&#8221;,&#8221;css_classes&#8221;:&#8221;&#8221;,&#8221;custom_css_classes&#8221;:&#8221;&#8221;,&#8221;custom_css_styles&#8221;:&#8221;&#8221;,&#8221;image&#8221;:&#8221;https:\/\/borzsonymentok.hu\/wp-content\/uploads\/2026\/07\/20260724_1_terkep1.jpg|549|800|990110571&#8243;,&#8221;alt&#8221;:&#8221;&#8221;,&#8221;thumb_size&#8221;:&#8221;full&#8221;},{&#8220;component&#8221;:&#8221;hc_image&#8221;,&#8221;id&#8221;:&#8221;48pLr&#8221;,&#8221;css_classes&#8221;:&#8221;&#8221;,&#8221;custom_css_classes&#8221;:&#8221;&#8221;,&#8221;custom_css_styles&#8221;:&#8221;&#8221;,&#8221;image&#8221;:&#8221;https:\/\/borzsonymentok.hu\/wp-content\/uploads\/2026\/07\/20260724_1_2.jpg|500|800|990110572&#8243;,&#8221;alt&#8221;:&#8221;&#8221;,&#8221;thumb_size&#8221;:&#8221;full&#8221;},{&#8220;component&#8221;:&#8221;hc_image&#8221;,&#8221;id&#8221;:&#8221;P78tT&#8221;,&#8221;css_classes&#8221;:&#8221;&#8221;,&#8221;custom_css_classes&#8221;:&#8221;&#8221;,&#8221;custom_css_styles&#8221;:&#8221;&#8221;,&#8221;image&#8221;:&#8221;https:\/\/borzsonymentok.hu\/wp-content\/uploads\/2026\/07\/20260724_1_4.jpg|500|800|990110573&#8243;,&#8221;alt&#8221;:&#8221;&#8221;,&#8221;thumb_size&#8221;:&#8221;full&#8221;},{&#8220;component&#8221;:&#8221;hc_text_block&#8221;,&#8221;id&#8221;:&#8221;0Gr2x&#8221;,&#8221;css_classes&#8221;:&#8221;&#8221;,&#8221;custom_css_classes&#8221;:&#8221;&#8221;,&#8221;custom_css_styles&#8221;:&#8221;&#8221;,&#8221;content&#8221;:&#8221;During the operation, the Disaster Management Authority requested M\u00c1V, the Hungarian railway operator, to impose a temporary speed restriction on trains passing through the area until the rescue had been completed.\\nFortunately, the two young hikers suffered only minor abrasions and did not require hospital treatment.&#8221;},{&#8220;component&#8221;:&#8221;hc_image&#8221;,&#8221;id&#8221;:&#8221;Png3x&#8221;,&#8221;css_classes&#8221;:&#8221;&#8221;,&#8221;custom_css_classes&#8221;:&#8221;&#8221;,&#8221;custom_css_styles&#8221;:&#8221;&#8221;,&#8221;image&#8221;:&#8221;https:\/\/borzsonymentok.hu\/wp-content\/uploads\/2026\/07\/20260724_1_1.jpg|500|800|990110568&#8243;,&#8221;alt&#8221;:&#8221;&#8221;,&#8221;thumb_size&#8221;:&#8221;full&#8221;},{&#8220;component&#8221;:&#8221;hc_space&#8221;,&#8221;id&#8221;:&#8221;y8tF3&#8243;,&#8221;css_classes&#8221;:&#8221;&#8221;,&#8221;custom_css_classes&#8221;:&#8221;&#8221;,&#8221;custom_css_styles&#8221;:&#8221;&#8221;,&#8221;size&#8221;:&#8221;space-sm&#8221;,&#8221;height&#8221;:&#8221;&#8221;},{&#8220;component&#8221;:&#8221;hc_title_tag&#8221;,&#8221;id&#8221;:&#8221;g8xVI&#8221;,&#8221;css_classes&#8221;:&#8221;&#8221;,&#8221;custom_css_classes&#8221;:&#8221;&#8221;,&#8221;custom_css_styles&#8221;:&#8221;&#8221;,&#8221;text&#8221;:&#8221;Incident 2 \u2013 Ankle injury at V\u00e1r-nyereg&#8221;,&#8221;tag&#8221;:&#8221;h2&#8243;},{&#8220;component&#8221;:&#8221;hc_text_block&#8221;,&#8221;id&#8221;:&#8221;T9Hsw&#8221;,&#8221;css_classes&#8221;:&#8221;&#8221;,&#8221;custom_css_classes&#8221;:&#8221;&#8221;,&#8221;custom_css_styles&#8221;:&#8221;&#8221;,&#8221;content&#8221;:&#8221;While the rescue at the Remete Cave was still underway, the duty officer of the Pest County Search and Rescue Service contacted the Mountain Rescue Service to report that the Hungarian National Ambulance Service had requested assistance with an injured hiker at V\u00e1r-nyereg, in the northern part of the B\u00f6rzs\u00f6ny Mountains.\\nThe Mountain Rescue Service dispatcher immediately assessed the situation and realised that there was no sufficiently quick conventional option for reaching the casualty: the Service&#8217;s only off-road vehicle was already deployed at the Remete Cave rescue.\\n\\nThe dispatcher therefore called the mayor of Per\u0151cs\u00e9ny, L\u00e1szl\u00f3 Dar\u00e1nyi. The people of Per\u0151cs\u00e9ny are a remarkable community who have assisted the Mountain Rescue Service during rescue operations on many previous occasions, and this time was no different. A retired national park ranger \u2014 also named L\u00e1szl\u00f3 Dar\u00e1nyi \u2014 and J\u00f3zsef Varga immediately got into an off-road vehicle, picked up the ambulance crew waiting at the edge of the village and headed straight towards the casualty.\\n\\nThey reached the injured hiker within a short time. The ambulance crew examined and treated the casualty, who was then transported back to the ambulance with the assistance of the volunteers from Per\u0151cs\u00e9ny.&#8221;},{&#8220;component&#8221;:&#8221;hc_space&#8221;,&#8221;id&#8221;:&#8221;Ph6YF&#8221;,&#8221;css_classes&#8221;:&#8221;&#8221;,&#8221;custom_css_classes&#8221;:&#8221;&#8221;,&#8221;custom_css_styles&#8221;:&#8221;&#8221;,&#8221;size&#8221;:&#8221;space-sm&#8221;,&#8221;height&#8221;:&#8221;&#8221;},{&#8220;component&#8221;:&#8221;hc_title_tag&#8221;,&#8221;id&#8221;:&#8221;rR8dr&#8221;,&#8221;css_classes&#8221;:&#8221;&#8221;,&#8221;custom_css_classes&#8221;:&#8221;&#8221;,&#8221;custom_css_styles&#8221;:&#8221;&#8221;,&#8221;text&#8221;:&#8221;Incident 3 \u2013 Ankle injury near J\u00e1nos Spring&#8221;,&#8221;tag&#8221;:&#8221;h2&#8243;},{&#8220;component&#8221;:&#8221;hc_text_block&#8221;,&#8221;id&#8221;:&#8221;LSJuG&#8221;,&#8221;css_classes&#8221;:&#8221;&#8221;,&#8221;custom_css_classes&#8221;:&#8221;&#8221;,&#8221;custom_css_styles&#8221;:&#8221;&#8221;,&#8221;content&#8221;:&#8221;At around 4 p.m., another request for assistance came in, this time directly through the Mountain Rescue Service&#8217;s SOS number.\\nA woman hiking with a larger group had taken a bad step and suffered an ankle injury on the M\u00e1ria Trail, near J\u00e1nos Spring.\\nThree mountain rescuers immediately responded from the Service&#8217;s base in Szokolya and reached the casualty approximately forty minutes later.\\n&#8221;},{&#8220;component&#8221;:&#8221;hc_image&#8221;,&#8221;id&#8221;:&#8221;E06yT&#8221;,&#8221;css_classes&#8221;:&#8221;&#8221;,&#8221;custom_css_classes&#8221;:&#8221;&#8221;,&#8221;custom_css_styles&#8221;:&#8221;&#8221;,&#8221;image&#8221;:&#8221;https:\/\/borzsonymentok.hu\/wp-content\/uploads\/2026\/07\/20260724_3_2.jpg|500|800|990110574&#8243;,&#8221;alt&#8221;:&#8221;&#8221;,&#8221;thumb_size&#8221;:&#8221;full&#8221;},{&#8220;component&#8221;:&#8221;hc_image&#8221;,&#8221;id&#8221;:&#8221;hXBPE&#8221;,&#8221;css_classes&#8221;:&#8221;&#8221;,&#8221;custom_css_classes&#8221;:&#8221;&#8221;,&#8221;custom_css_styles&#8221;:&#8221;&#8221;,&#8221;image&#8221;:&#8221;https:\/\/borzsonymentok.hu\/wp-content\/uploads\/2026\/07\/754006751_2486194635217855_5338552593413559657_n-771&#215;1024.jpg|2047|1542|990110575&#8243;,&#8221;alt&#8221;:&#8221;&#8221;,&#8221;thumb_size&#8221;:&#8221;full&#8221;},{&#8220;component&#8221;:&#8221;hc_text_block&#8221;,&#8221;id&#8221;:&#8221;RcHS4&#8243;,&#8221;css_classes&#8221;:&#8221;&#8221;,&#8221;custom_css_classes&#8221;:&#8221;&#8221;,&#8221;custom_css_styles&#8221;:&#8221;&#8221;,&#8221;content&#8221;:&#8221;The team&#8217;s emergency medical technician examined and treated the injured woman. She was then placed in the Mountain Rescue Service&#8217;s off-road vehicle and transported to the Kisin\u00f3c tourist lodge, where a unit of the Hungarian National Ambulance Service was already waiting for them.\\nThe casualty was handed over to the ambulance crew and subsequently transported to the hospital in V\u00e1c for further examination and treatment.&#8221;},{&#8220;component&#8221;:&#8221;hc_text_block&#8221;,&#8221;id&#8221;:&#8221;Yr7Lg&#8221;,&#8221;css_classes&#8221;:&#8221;&#8221;,&#8221;custom_css_classes&#8221;:&#8221;&#8221;,&#8221;custom_css_styles&#8221;:&#8221;&#8221;,&#8221;content&#8221;:&#8221;<iframe width=\\\"464\\\" height=\\\"824\\\" src=\\\"https:\/\/youtube.com\/embed\/lgHNat39m9w\\\" title=\\\"A meredek hegyoldalon rekedtek\\\" frameborder=\\\"0\\\" allow=\\\"accelerometer; autoplay; clipboard-write; encrypted-media; gyroscope; picture-in-picture; web-share\\\" referrerpolicy=\\\"strict-origin-when-cross-origin\\\" allowfullscreen><\/iframe>\\n&#8221;},{&#8220;component&#8221;:&#8221;hc_space&#8221;,&#8221;id&#8221;:&#8221;oFqy9&#8243;,&#8221;css_classes&#8221;:&#8221;&#8221;,&#8221;custom_css_classes&#8221;:&#8221;&#8221;,&#8221;custom_css_styles&#8221;:&#8221;&#8221;,&#8221;size&#8221;:&#8221;space-xs&#8221;,&#8221;height&#8221;:&#8221;&#8221;},{&#8220;component&#8221;:&#8221;hc_text_block&#8221;,&#8221;id&#8221;:&#8221;5hFW6&#8243;,&#8221;css_classes&#8221;:&#8221;&#8221;,&#8221;custom_css_classes&#8221;:&#8221;&#8221;,&#8221;custom_css_styles&#8221;:&#8221;&#8221;,&#8221;content&#8221;:&#8221;<!-- Shortcode is missing \"name\" attribute -->&#8220;},{&#8220;component&#8221;:&#8221;hc_separator&#8221;,&#8221;id&#8221;:&#8221;9CjQo&#8221;,&#8221;css_classes&#8221;:&#8221;&#8221;,&#8221;custom_css_classes&#8221;:&#8221;&#8221;,&#8221;custom_css_styles&#8221;:&#8221;&#8221;},{&#8220;component&#8221;:&#8221;hc_text_block&#8221;,&#8221;id&#8221;:&#8221;a5uGE&#8221;,&#8221;css_classes&#8221;:&#8221;&#8221;,&#8221;custom_css_classes&#8221;:&#8221;&#8221;,&#8221;custom_css_styles&#8221;:&#8221;&#8221;,&#8221;content&#8221;:&#8221;<br \/>\\n&#8220;},{&#8220;component&#8221;:&#8221;hc_separator&#8221;,&#8221;id&#8221;:&#8221;qOEew&#8221;,&#8221;css_classes&#8221;:&#8221;&#8221;,&#8221;custom_css_classes&#8221;:&#8221;&#8221;,&#8221;custom_css_styles&#8221;:&#8221;&#8221;},{&#8220;component&#8221;:&#8221;hc_pt_navigation&#8221;,&#8221;id&#8221;:&#8221;kE6aF&#8221;,&#8221;css_classes&#8221;:&#8221;&#8221;,&#8221;custom_css_classes&#8221;:&#8221;&#8221;,&#8221;custom_css_styles&#8221;:&#8221;&#8221;,&#8221;post_type_slug&#8221;:&#8221;post&#8221;,&#8221;archive_link&#8221;:&#8221;\/hirek&#8221;,&#8221;previous_text&#8221;:&#8221;El\u0151z\u0151 h\u00edr&#8221;,&#8221;next_text&#8221;:&#8221;K\u00f6vetkez\u0151 h\u00edr&#8221;}]}],&#8221;section_settings&#8221;:&#8221;&#8221;},&#8221;scripts&#8221;:{},&#8221;css&#8221;:{},&#8221;css_page&#8221;:&#8221;&#8221;,&#8221;template_setting&#8221;:{},&#8221;template_setting_top&#8221;:{},&#8221;page_setting&#8221;:{&#8220;settings&#8221;:[&#8220;lock-mode-off&#8221;]},&#8221;post_type_setting&#8221;:{&#8220;settings&#8221;:{&#8220;image&#8221;:&#8221;https:\/\/borzsonymentok.hu\/wp-content\/uploads\/2026\/07\/20260724_1_1.jpg|500|800|990110568&#8243;,&#8221;excerpt&#8221;:&#8221;Three separate rescue operations took place in the B\u00f6rzs\u00f6ny Mountains on Friday. Two young hikers got into difficulty near the Remete Cave after attempting to climb up from the wrong direction and had to be brought down using rope rescue techniques. Two further call-outs, at V\u00e1r-nyereg and near J\u00e1nos Spring, involved hikers who had suffered ankle injuries.&#8221;,&#8221;extra_1&#8243;:&#8221;&#8221;,&#8221;extra_2&#8243;:&#8221;&#8221;,&#8221;icon&#8221;:{&#8220;icon&#8221;:&#8221;&#8221;,&#8221;icon_style&#8221;:&#8221;&#8221;,&#8221;icon_image&#8221;:&#8221;&#8221;}}}}<\/p>\n","protected":false},"excerpt":{"rendered":"<p>Three separate rescue operations took place in the B\u00f6rzs\u00f6ny Mountains on Friday. Two young hikers got into difficulty near the Remete Cave after attempting to climb up from the wrong direction and had to be brought down using rope rescue techniques. Two further call-outs, at V\u00e1r-nyereg and near J\u00e1nos Spring, involved hikers who had suffered ankle injuries.<\/p>\n","protected":false},"author":1,"featured_media":990110659,"comment_status":"closed","ping_status":"open","sticky":false,"template":"","format":"standard","meta":{"footnotes":""},"categories":[117,108,78,119,42,110,120,44],"tags":[],"class_list":["post-990110660","post","type-post","status-publish","format-standard","has-post-thumbnail","hentry","category-borzsony-en","category-kisinoc-en","category-nagy-hideg-hegy-en","category-nagyborzsony-en","category-news","category-perocseny-en","category-remete-cave","category-rescue"],"_links":{"self":[{"href":"https:\/\/borzsonymentok.hu\/en\/wp-json\/wp\/v2\/posts\/990110660","targetHints":{"allow":["GET"]}}],"collection":[{"href":"https:\/\/borzsonymentok.hu\/en\/wp-json\/wp\/v2\/posts"}],"about":[{"href":"https:\/\/borzsonymentok.hu\/en\/wp-json\/wp\/v2\/types\/post"}],"author":[{"embeddable":true,"href":"https:\/\/borzsonymentok.hu\/en\/wp-json\/wp\/v2\/users\/1"}],"replies":[{"embeddable":true,"href":"https:\/\/borzsonymentok.hu\/en\/wp-json\/wp\/v2\/comments?post=990110660"}],"version-history":[{"count":2,"href":"https:\/\/borzsonymentok.hu\/en\/wp-json\/wp\/v2\/posts\/990110660\/revisions"}],"predecessor-version":[{"id":990110677,"href":"https:\/\/borzsonymentok.hu\/en\/wp-json\/wp\/v2\/posts\/990110660\/revisions\/990110677"}],"wp:featuredmedia":[{"embeddable":true,"href":"https:\/\/borzsonymentok.hu\/en\/wp-json\/wp\/v2\/media\/990110659"}],"wp:attachment":[{"href":"https:\/\/borzsonymentok.hu\/en\/wp-json\/wp\/v2\/media?parent=990110660"}],"wp:term":[{"taxonomy":"category","embeddable":true,"href":"https:\/\/borzsonymentok.hu\/en\/wp-json\/wp\/v2\/categories?post=990110660"},{"taxonomy":"post_tag","embeddable":true,"href":"https:\/\/borzsonymentok.hu\/en\/wp-json\/wp\/v2\/tags?post=990110660"}],"curies":[{"name":"wp","href":"https:\/\/api.w.org\/{rel}","templated":true}]}}