{"id":990110687,"date":"2026-08-09T14:30:37","date_gmt":"2026-08-09T14:30:37","guid":{"rendered":"https:\/\/borzsonymentok.hu\/2026\/08\/09\/fire-on-tamas-hill-in-the-borzsony-mountains\/"},"modified":"2026-08-30T20:59:54","modified_gmt":"2026-08-30T20:59:54","slug":"fire-on-tamas-hill-in-the-borzsony-mountains","status":"publish","type":"post","link":"https:\/\/borzsonymentok.hu\/en\/2026\/08\/09\/fire-on-tamas-hill-in-the-borzsony-mountains\/","title":{"rendered":"Fire in the B\u00f6rzs\u00f6ny Mountains"},"content":{"rendered":"<p>{&#8220;main-title&#8221;:{&#8220;component&#8221;:&#8221;hc_title&#8221;,&#8221;id&#8221;:&#8221;main-title&#8221;,&#8221;title&#8221;:&#8221;A Cs\u00f3v\u00e1nyoson rekedtek a turist\u00e1k&#8221;,&#8221;subtitle&#8221;:&#8221;Caused by a power line&#8221;,&#8221;title_content&#8221;:{&#8220;component&#8221;:&#8221;hc_title_base&#8221;,&#8221;id&#8221;:&#8221;title-base&#8221;,&#8221;image&#8221;:&#8221;&#8221;,&#8221;breadcrumbs&#8221;:false,&#8221;light&#8221;:false,&#8221;alignment&#8221;:&#8221;&#8221;}},&#8221;Nt8pS&#8221;:{&#8220;component&#8221;:&#8221;hc_section&#8221;,&#8221;id&#8221;:&#8221;Nt8pS&#8221;,&#8221;section_width&#8221;:&#8221;&#8221;,&#8221;animation&#8221;:&#8221;&#8221;,&#8221;animation_time&#8221;:&#8221;&#8221;,&#8221;timeline_animation&#8221;:&#8221;&#8221;,&#8221;timeline_delay&#8221;:&#8221;&#8221;,&#8221;timeline_order&#8221;:&#8221;&#8221;,&#8221;vertical_row&#8221;:&#8221;&#8221;,&#8221;css_classes&#8221;:&#8221;&#8221;,&#8221;custom_css_classes&#8221;:&#8221;&#8221;,&#8221;custom_css_styles&#8221;:&#8221;&#8221;,&#8221;section_content&#8221;:[{&#8220;component&#8221;:&#8221;hc_column&#8221;,&#8221;id&#8221;:&#8221;Qj6KE&#8221;,&#8221;column_width&#8221;:&#8221;col-md-12&#8243;,&#8221;animation&#8221;:&#8221;&#8221;,&#8221;animation_time&#8221;:&#8221;&#8221;,&#8221;timeline_animation&#8221;:&#8221;&#8221;,&#8221;timeline_delay&#8221;:&#8221;&#8221;,&#8221;timeline_order&#8221;:&#8221;&#8221;,&#8221;css_classes&#8221;:&#8221;&#8221;,&#8221;custom_css_classes&#8221;:&#8221;&#8221;,&#8221;custom_css_styles&#8221;:&#8221;&#8221;,&#8221;main_content&#8221;:[{&#8220;component&#8221;:&#8221;hc_pt_post_informations&#8221;,&#8221;id&#8221;:&#8221;5ZtkF&#8221;,&#8221;css_classes&#8221;:&#8221;&#8221;,&#8221;custom_css_classes&#8221;:&#8221;&#8221;,&#8221;custom_css_styles&#8221;:&#8221;&#8221;,&#8221;post_type_slug&#8221;:&#8221;&#8221;,&#8221;position&#8221;:&#8221;left&#8221;,&#8221;date&#8221;:true,&#8221;categories&#8221;:true,&#8221;author&#8221;:true,&#8221;share&#8221;:true},{&#8220;component&#8221;:&#8221;hc_space&#8221;,&#8221;id&#8221;:&#8221;ODv3C&#8221;,&#8221;css_classes&#8221;:&#8221;&#8221;,&#8221;custom_css_classes&#8221;:&#8221;&#8221;,&#8221;custom_css_styles&#8221;:&#8221;&#8221;,&#8221;size&#8221;:&#8221;space-sm&#8221;,&#8221;height&#8221;:&#8221;&#8221;},{&#8220;component&#8221;:&#8221;hc_social_share_buttons&#8221;,&#8221;id&#8221;:&#8221;Sg1Ha&#8221;,&#8221;css_classes&#8221;:&#8221;&#8221;,&#8221;custom_css_classes&#8221;:&#8221;&#8221;,&#8221;custom_css_styles&#8221;:&#8221;&#8221;,&#8221;style&#8221;:&#8221;icon-links-grid&#8221;,&#8221;size&#8221;:&#8221;&#8221;,&#8221;alignment&#8221;:&#8221;&#8221;,&#8221;type&#8221;:&#8221;&#8221;,&#8221;social_colors&#8221;:true,&#8221;fb&#8221;:true,&#8221;fb_link&#8221;:&#8221;&#8221;,&#8221;tw&#8221;:true,&#8221;tw_link&#8221;:&#8221;&#8221;,&#8221;g+&#8221;:false,&#8221;g+_link&#8221;:&#8221;&#8221;,&#8221;li&#8221;:false,&#8221;li_link&#8221;:&#8221;&#8221;},{&#8220;component&#8221;:&#8221;hc_space&#8221;,&#8221;id&#8221;:&#8221;t0dTt&#8221;,&#8221;css_classes&#8221;:&#8221;&#8221;,&#8221;custom_css_classes&#8221;:&#8221;&#8221;,&#8221;custom_css_styles&#8221;:&#8221;&#8221;,&#8221;size&#8221;:&#8221;space-sm&#8221;,&#8221;height&#8221;:&#8221;&#8221;},{&#8220;component&#8221;:&#8221;hc_image&#8221;,&#8221;id&#8221;:&#8221;dEm17&#8243;,&#8221;css_classes&#8221;:&#8221;&#8221;,&#8221;custom_css_classes&#8221;:&#8221;&#8221;,&#8221;custom_css_styles&#8221;:&#8221;&#8221;,&#8221;image&#8221;:&#8221;https:\/\/borzsonymentok.hu\/wp-content\/uploads\/2026\/08\/20260809_1_4www-1024&#215;614.jpg|750|1250|990110607&#8243;,&#8221;alt&#8221;:&#8221;&#8221;,&#8221;thumb_size&#8221;:&#8221;full&#8221;},{&#8220;component&#8221;:&#8221;hc_text_block&#8221;,&#8221;id&#8221;:&#8221;C4PWJ&#8221;,&#8221;css_classes&#8221;:&#8221;&#8221;,&#8221;custom_css_classes&#8221;:&#8221;&#8221;,&#8221;custom_css_styles&#8221;:&#8221;&#8221;,&#8221;content&#8221;:&#8221;The B\u00f6rzs\u00f6ny Mountain Rescue Service was first alerted on Sunday morning by local residents and subsequently by the Disaster Management Authority that a fire had broken out in the forest on Tam\u00e1s-hegy, near Szokolya.\\n\\nProfessional firefighters from V\u00e1c and volunteer firefighters from Nagymaros immediately responded in force. A total of seven members of the B\u00f6rzs\u00f6ny Mountain Rescue Service, including both duty personnel and rescuers on standby at home, joined the operation.\\n&#8221;},{&#8220;component&#8221;:&#8221;hc_space&#8221;,&#8221;id&#8221;:&#8221;GLEb2&#8243;,&#8221;css_classes&#8221;:&#8221;&#8221;,&#8221;custom_css_classes&#8221;:&#8221;&#8221;,&#8221;custom_css_styles&#8221;:&#8221;&#8221;,&#8221;size&#8221;:&#8221;space-xs&#8221;,&#8221;height&#8221;:&#8221;&#8221;},{&#8220;component&#8221;:&#8221;hc_image&#8221;,&#8221;id&#8221;:&#8221;B3H7g&#8221;,&#8221;css_classes&#8221;:&#8221;&#8221;,&#8221;custom_css_classes&#8221;:&#8221;&#8221;,&#8221;custom_css_styles&#8221;:&#8221;&#8221;,&#8221;image&#8221;:&#8221;https:\/\/borzsonymentok.hu\/wp-content\/uploads\/2026\/08\/20260809_1_2www-1024&#215;614.jpg|750|1250|990110611&#8243;,&#8221;alt&#8221;:&#8221;&#8221;,&#8221;thumb_size&#8221;:&#8221;full&#8221;},{&#8220;component&#8221;:&#8221;hc_space&#8221;,&#8221;id&#8221;:&#8221;yNjts&#8221;,&#8221;css_classes&#8221;:&#8221;&#8221;,&#8221;custom_css_classes&#8221;:&#8221;&#8221;,&#8221;custom_css_styles&#8221;:&#8221;&#8221;,&#8221;size&#8221;:&#8221;space-xs&#8221;,&#8221;height&#8221;:&#8221;&#8221;},{&#8220;component&#8221;:&#8221;hc_text_block&#8221;,&#8221;id&#8221;:&#8221;M6Q9x&#8221;,&#8221;css_classes&#8221;:&#8221;&#8221;,&#8221;custom_css_classes&#8221;:&#8221;&#8221;,&#8221;custom_css_styles&#8221;:&#8221;&#8221;,&#8221;content&#8221;:&#8221;The mountain rescuers&#8217; first action was to deploy the Service&#8217;s drone, which allowed them to quickly establish the exact location and extent of the fire from the air. Using the live aerial imagery, they were able to provide firefighters with precise information about the location of the fire, the size of the affected area and the best direction from which to approach it.\\n\\nFollowing the initial aerial reconnaissance, the mountain rescuers worked together with the Nagymaros volunteer firefighters to establish access for the fire engines. The difficult forest terrain required them to clear a route and identify an approach that would allow the vehicles to get as close to the fire as possible.&#8221;},{&#8220;component&#8221;:&#8221;hc_space&#8221;,&#8221;id&#8221;:&#8221;oFqy9&#8243;,&#8221;css_classes&#8221;:&#8221;&#8221;,&#8221;custom_css_classes&#8221;:&#8221;&#8221;,&#8221;custom_css_styles&#8221;:&#8221;&#8221;,&#8221;size&#8221;:&#8221;space-xs&#8221;,&#8221;height&#8221;:&#8221;&#8221;},{&#8220;component&#8221;:&#8221;hc_image&#8221;,&#8221;id&#8221;:&#8221;2cNwh&#8221;,&#8221;css_classes&#8221;:&#8221;&#8221;,&#8221;custom_css_classes&#8221;:&#8221;&#8221;,&#8221;custom_css_styles&#8221;:&#8221;&#8221;,&#8221;image&#8221;:&#8221;https:\/\/borzsonymentok.hu\/wp-content\/uploads\/2026\/08\/20260809_1_5www-1024&#215;614.jpg|750|1250|990110614&#8243;,&#8221;alt&#8221;:&#8221;&#8221;,&#8221;thumb_size&#8221;:&#8221;full&#8221;},{&#8220;component&#8221;:&#8221;hc_space&#8221;,&#8221;id&#8221;:&#8221;umHbx&#8221;,&#8221;css_classes&#8221;:&#8221;&#8221;,&#8221;custom_css_classes&#8221;:&#8221;&#8221;,&#8221;custom_css_styles&#8221;:&#8221;&#8221;,&#8221;size&#8221;:&#8221;space-xs&#8221;,&#8221;height&#8221;:&#8221;&#8221;},{&#8220;component&#8221;:&#8221;hc_text_block&#8221;,&#8221;id&#8221;:&#8221;3tP82&#8243;,&#8221;css_classes&#8221;:&#8221;&#8221;,&#8221;custom_css_classes&#8221;:&#8221;&#8221;,&#8221;custom_css_styles&#8221;:&#8221;&#8221;,&#8221;content&#8221;:&#8221;The flames were burning high on the mountainside in an area inaccessible by road. As a result, the main water supply hose had to be laid over a considerable distance through difficult, steep forest terrain. Once the hose line had been established, the professional firefighters from V\u00e1c began tackling the fire.\\n\\nHowever, the terrain made it impossible to reach all of the fire hotspots using conventional firefighting methods. Backpack water tanks and hand tools therefore also had to be used. Firefighters and the mountain rescuers assisting them worked their way across the affected mountainside in difficult terrain, extinguishing remaining flames and smouldering hotspots as they progressed.&#8221;},{&#8220;component&#8221;:&#8221;hc_image&#8221;,&#8221;id&#8221;:&#8221;EiAAy&#8221;,&#8221;css_classes&#8221;:&#8221;&#8221;,&#8221;custom_css_classes&#8221;:&#8221;&#8221;,&#8221;custom_css_styles&#8221;:&#8221;&#8221;,&#8221;image&#8221;:&#8221;https:\/\/borzsonymentok.hu\/wp-content\/uploads\/2026\/08\/20260809_1_3www-1024&#215;614.jpg|750|1250|990110612&#8243;,&#8221;alt&#8221;:&#8221;&#8221;,&#8221;thumb_size&#8221;:&#8221;full&#8221;},{&#8220;component&#8221;:&#8221;hc_text_block&#8221;,&#8221;id&#8221;:&#8221;e6uAy&#8221;,&#8221;css_classes&#8221;:&#8221;&#8221;,&#8221;custom_css_classes&#8221;:&#8221;&#8221;,&#8221;custom_css_styles&#8221;:&#8221;&#8221;,&#8221;content&#8221;:&#8221;A particular concern was the pine forest located close to the fire. Had the flames reached the pine trees, the fire could have spread much more rapidly and unpredictably, potentially putting a far larger area at risk.\\n\\nAfter a prolonged operation, the fire was finally brought under control before it could reach the nearby pine forest. Although this prevented the incident from developing into a significantly more serious forest fire, the blaze still caused considerable damage to the affected woodland.\\n\\nWe would like to thank the Szokolya Civil Guard, the local field ranger and the public area inspector for their assistance during the operation. They secured the scene, closed the access road and provided cold drinking water to those involved in the emergency response.\\n\\nThe operation once again demonstrated that during a forest fire, access through difficult terrain is just as crucial as rapid reconnaissance and accurate location information. In the steep and densely forested areas of the B\u00f6rzs\u00f6ny Mountains, simply getting firefighters, rescuers, equipment and water supply lines close enough to the fire can itself be a major challenge.\\n&#8221;},{&#8220;component&#8221;:&#8221;hc_text_block&#8221;,&#8221;id&#8221;:&#8221;hHTDy&#8221;,&#8221;css_classes&#8221;:&#8221;&#8221;,&#8221;custom_css_classes&#8221;:&#8221;&#8221;,&#8221;custom_css_styles&#8221;:&#8221;&#8221;,&#8221;content&#8221;:&#8221;<iframe width=\\\"464\\\" height=\\\"824\\\" src=\\\"https:\/\/youtube.com\/embed\/xnJwLre_TPQ\\\" title=\\\"T\u0171z a B\u00f6rzs\u00f6nyben Szokolya k\u00f6zel\u00e9ben\\\" frameborder=\\\"0\\\" allow=\\\"accelerometer; autoplay; clipboard-write; encrypted-media; gyroscope; picture-in-picture; web-share\\\" referrerpolicy=\\\"strict-origin-when-cross-origin\\\" allowfullscreen><\/iframe>\\n&#8221;},{&#8220;component&#8221;:&#8221;hc_space&#8221;,&#8221;id&#8221;:&#8221;PkoNb&#8221;,&#8221;css_classes&#8221;:&#8221;&#8221;,&#8221;custom_css_classes&#8221;:&#8221;&#8221;,&#8221;custom_css_styles&#8221;:&#8221;&#8221;,&#8221;size&#8221;:&#8221;space-xs&#8221;,&#8221;height&#8221;:&#8221;&#8221;},{&#8220;component&#8221;:&#8221;hc_text_block&#8221;,&#8221;id&#8221;:&#8221;5hFW6&#8243;,&#8221;css_classes&#8221;:&#8221;&#8221;,&#8221;custom_css_classes&#8221;:&#8221;&#8221;,&#8221;custom_css_styles&#8221;:&#8221;&#8221;,&#8221;content&#8221;:&#8221;<!-- Shortcode is missing \"name\" attribute -->&#8220;},{&#8220;component&#8221;:&#8221;hc_separator&#8221;,&#8221;id&#8221;:&#8221;9CjQo&#8221;,&#8221;css_classes&#8221;:&#8221;&#8221;,&#8221;custom_css_classes&#8221;:&#8221;&#8221;,&#8221;custom_css_styles&#8221;:&#8221;&#8221;},{&#8220;component&#8221;:&#8221;hc_text_block&#8221;,&#8221;id&#8221;:&#8221;a5uGE&#8221;,&#8221;css_classes&#8221;:&#8221;&#8221;,&#8221;custom_css_classes&#8221;:&#8221;&#8221;,&#8221;custom_css_styles&#8221;:&#8221;&#8221;,&#8221;content&#8221;:&#8221;<br \/>\\n&#8220;},{&#8220;component&#8221;:&#8221;hc_separator&#8221;,&#8221;id&#8221;:&#8221;qOEew&#8221;,&#8221;css_classes&#8221;:&#8221;&#8221;,&#8221;custom_css_classes&#8221;:&#8221;&#8221;,&#8221;custom_css_styles&#8221;:&#8221;&#8221;},{&#8220;component&#8221;:&#8221;hc_pt_navigation&#8221;,&#8221;id&#8221;:&#8221;kE6aF&#8221;,&#8221;css_classes&#8221;:&#8221;&#8221;,&#8221;custom_css_classes&#8221;:&#8221;&#8221;,&#8221;custom_css_styles&#8221;:&#8221;&#8221;,&#8221;post_type_slug&#8221;:&#8221;post&#8221;,&#8221;archive_link&#8221;:&#8221;\/hirek&#8221;,&#8221;previous_text&#8221;:&#8221;El\u0151z\u0151 h\u00edr&#8221;,&#8221;next_text&#8221;:&#8221;K\u00f6vetkez\u0151 h\u00edr&#8221;}]}],&#8221;section_settings&#8221;:&#8221;&#8221;},&#8221;scripts&#8221;:{},&#8221;css&#8221;:{},&#8221;css_page&#8221;:&#8221;&#8221;,&#8221;template_setting&#8221;:{},&#8221;template_setting_top&#8221;:{},&#8221;page_setting&#8221;:{&#8220;settings&#8221;:[&#8220;lock-mode-off&#8221;]},&#8221;post_type_setting&#8221;:{&#8220;settings&#8221;:{&#8220;image&#8221;:&#8221;https:\/\/borzsonymentok.hu\/wp-content\/uploads\/2026\/08\/20260809_1_4www_800500.jpg|500|800|990110606&#8243;,&#8221;excerpt&#8221;:&#8221;A forest fire broke out on Sunday morning on Tam\u00e1s-hegy, near Szokolya in the B\u00f6rzs\u00f6ny Mountains. After a prolonged firefighting operation, the flames were brought under control before they could spread to the nearby pine forest. Despite this, the fire affected a significant area and caused serious damage to the forest.&#8221;,&#8221;extra_1&#8243;:&#8221;&#8221;,&#8221;extra_2&#8243;:&#8221;&#8221;,&#8221;icon&#8221;:{&#8220;icon&#8221;:&#8221;&#8221;,&#8221;icon_style&#8221;:&#8221;&#8221;,&#8221;icon_image&#8221;:&#8221;&#8221;}}}}<\/p>\n","protected":false},"excerpt":{"rendered":"<p>A forest fire broke out on Sunday morning on Tam\u00e1s-hegy, near Szokolya in the B\u00f6rzs\u00f6ny Mountains. After a prolonged firefighting operation, the flames were brought under control before they could spread to the nearby pine forest. Despite this, the fire affected a significant area and caused serious damage to the forest.<\/p>\n","protected":false},"author":1,"featured_media":990110686,"comment_status":"closed","ping_status":"open","sticky":false,"template":"","format":"standard","meta":{"footnotes":""},"categories":[117,41,42,44,93],"tags":[],"class_list":["post-990110687","post","type-post","status-publish","format-standard","has-post-thumbnail","hentry","category-borzsony-en","category-events","category-news","category-rescue","category-szokolya-en"],"_links":{"self":[{"href":"https:\/\/borzsonymentok.hu\/en\/wp-json\/wp\/v2\/posts\/990110687","targetHints":{"allow":["GET"]}}],"collection":[{"href":"https:\/\/borzsonymentok.hu\/en\/wp-json\/wp\/v2\/posts"}],"about":[{"href":"https:\/\/borzsonymentok.hu\/en\/wp-json\/wp\/v2\/types\/post"}],"author":[{"embeddable":true,"href":"https:\/\/borzsonymentok.hu\/en\/wp-json\/wp\/v2\/users\/1"}],"replies":[{"embeddable":true,"href":"https:\/\/borzsonymentok.hu\/en\/wp-json\/wp\/v2\/comments?post=990110687"}],"version-history":[{"count":2,"href":"https:\/\/borzsonymentok.hu\/en\/wp-json\/wp\/v2\/posts\/990110687\/revisions"}],"predecessor-version":[{"id":990110690,"href":"https:\/\/borzsonymentok.hu\/en\/wp-json\/wp\/v2\/posts\/990110687\/revisions\/990110690"}],"wp:featuredmedia":[{"embeddable":true,"href":"https:\/\/borzsonymentok.hu\/en\/wp-json\/wp\/v2\/media\/990110686"}],"wp:attachment":[{"href":"https:\/\/borzsonymentok.hu\/en\/wp-json\/wp\/v2\/media?parent=990110687"}],"wp:term":[{"taxonomy":"category","embeddable":true,"href":"https:\/\/borzsonymentok.hu\/en\/wp-json\/wp\/v2\/categories?post=990110687"},{"taxonomy":"post_tag","embeddable":true,"href":"https:\/\/borzsonymentok.hu\/en\/wp-json\/wp\/v2\/tags?post=990110687"}],"curies":[{"name":"wp","href":"https:\/\/api.w.org\/{rel}","templated":true}]}}