{"id":990110698,"date":"2026-08-29T17:23:47","date_gmt":"2026-08-29T17:23:47","guid":{"rendered":"https:\/\/borzsonymentok.hu\/2026\/08\/29\/hiker-with-a-leg-injury-at-the-vilma-rest-area\/"},"modified":"2026-08-30T21:13:35","modified_gmt":"2026-08-30T21:13:35","slug":"hiker-with-a-leg-injury-at-the-vilma-rest-area","status":"publish","type":"post","link":"https:\/\/borzsonymentok.hu\/en\/2026\/08\/29\/hiker-with-a-leg-injury-at-the-vilma-rest-area\/","title":{"rendered":"Hiker with a leg injury at the Vilma Rest Area"},"content":{"rendered":"<p>{&#8220;main-title&#8221;:{&#8220;component&#8221;:&#8221;hc_title&#8221;,&#8221;id&#8221;:&#8221;main-title&#8221;,&#8221;title&#8221;:&#8221;A Cs\u00f3v\u00e1nyoson rekedtek a turist\u00e1k&#8221;,&#8221;subtitle&#8221;:&#8221;She broke her leg&#8221;,&#8221;title_content&#8221;:{&#8220;component&#8221;:&#8221;hc_title_base&#8221;,&#8221;id&#8221;:&#8221;title-base&#8221;,&#8221;image&#8221;:&#8221;&#8221;,&#8221;breadcrumbs&#8221;:false,&#8221;light&#8221;:false,&#8221;alignment&#8221;:&#8221;&#8221;}},&#8221;Nt8pS&#8221;:{&#8220;component&#8221;:&#8221;hc_section&#8221;,&#8221;id&#8221;:&#8221;Nt8pS&#8221;,&#8221;section_width&#8221;:&#8221;&#8221;,&#8221;animation&#8221;:&#8221;&#8221;,&#8221;animation_time&#8221;:&#8221;&#8221;,&#8221;timeline_animation&#8221;:&#8221;&#8221;,&#8221;timeline_delay&#8221;:&#8221;&#8221;,&#8221;timeline_order&#8221;:&#8221;&#8221;,&#8221;vertical_row&#8221;:&#8221;&#8221;,&#8221;css_classes&#8221;:&#8221;&#8221;,&#8221;custom_css_classes&#8221;:&#8221;&#8221;,&#8221;custom_css_styles&#8221;:&#8221;&#8221;,&#8221;section_content&#8221;:[{&#8220;component&#8221;:&#8221;hc_column&#8221;,&#8221;id&#8221;:&#8221;Qj6KE&#8221;,&#8221;column_width&#8221;:&#8221;col-md-12&#8243;,&#8221;animation&#8221;:&#8221;&#8221;,&#8221;animation_time&#8221;:&#8221;&#8221;,&#8221;timeline_animation&#8221;:&#8221;&#8221;,&#8221;timeline_delay&#8221;:&#8221;&#8221;,&#8221;timeline_order&#8221;:&#8221;&#8221;,&#8221;css_classes&#8221;:&#8221;&#8221;,&#8221;custom_css_classes&#8221;:&#8221;&#8221;,&#8221;custom_css_styles&#8221;:&#8221;&#8221;,&#8221;main_content&#8221;:[{&#8220;component&#8221;:&#8221;hc_pt_post_informations&#8221;,&#8221;id&#8221;:&#8221;5ZtkF&#8221;,&#8221;css_classes&#8221;:&#8221;&#8221;,&#8221;custom_css_classes&#8221;:&#8221;&#8221;,&#8221;custom_css_styles&#8221;:&#8221;&#8221;,&#8221;post_type_slug&#8221;:&#8221;&#8221;,&#8221;position&#8221;:&#8221;left&#8221;,&#8221;date&#8221;:true,&#8221;categories&#8221;:true,&#8221;author&#8221;:true,&#8221;share&#8221;:true},{&#8220;component&#8221;:&#8221;hc_space&#8221;,&#8221;id&#8221;:&#8221;ODv3C&#8221;,&#8221;css_classes&#8221;:&#8221;&#8221;,&#8221;custom_css_classes&#8221;:&#8221;&#8221;,&#8221;custom_css_styles&#8221;:&#8221;&#8221;,&#8221;size&#8221;:&#8221;space-sm&#8221;,&#8221;height&#8221;:&#8221;&#8221;},{&#8220;component&#8221;:&#8221;hc_social_share_buttons&#8221;,&#8221;id&#8221;:&#8221;Sg1Ha&#8221;,&#8221;css_classes&#8221;:&#8221;&#8221;,&#8221;custom_css_classes&#8221;:&#8221;&#8221;,&#8221;custom_css_styles&#8221;:&#8221;&#8221;,&#8221;style&#8221;:&#8221;icon-links-grid&#8221;,&#8221;size&#8221;:&#8221;&#8221;,&#8221;alignment&#8221;:&#8221;&#8221;,&#8221;type&#8221;:&#8221;&#8221;,&#8221;social_colors&#8221;:true,&#8221;fb&#8221;:true,&#8221;fb_link&#8221;:&#8221;&#8221;,&#8221;tw&#8221;:true,&#8221;tw_link&#8221;:&#8221;&#8221;,&#8221;g+&#8221;:false,&#8221;g+_link&#8221;:&#8221;&#8221;,&#8221;li&#8221;:false,&#8221;li_link&#8221;:&#8221;&#8221;},{&#8220;component&#8221;:&#8221;hc_space&#8221;,&#8221;id&#8221;:&#8221;t0dTt&#8221;,&#8221;css_classes&#8221;:&#8221;&#8221;,&#8221;custom_css_classes&#8221;:&#8221;&#8221;,&#8221;custom_css_styles&#8221;:&#8221;&#8221;,&#8221;size&#8221;:&#8221;space-sm&#8221;,&#8221;height&#8221;:&#8221;&#8221;},{&#8220;component&#8221;:&#8221;hc_image&#8221;,&#8221;id&#8221;:&#8221;dEm17&#8243;,&#8221;css_classes&#8221;:&#8221;&#8221;,&#8221;custom_css_classes&#8221;:&#8221;&#8221;,&#8221;custom_css_styles&#8221;:&#8221;&#8221;,&#8221;image&#8221;:&#8221;https:\/\/borzsonymentok.hu\/wp-content\/uploads\/2026\/08\/20260829_1_2-1024&#215;640.jpg|750|1200|990110653&#8243;,&#8221;alt&#8221;:&#8221;&#8221;,&#8221;thumb_size&#8221;:&#8221;full&#8221;},{&#8220;component&#8221;:&#8221;hc_text_block&#8221;,&#8221;id&#8221;:&#8221;C4PWJ&#8221;,&#8221;css_classes&#8221;:&#8221;&#8221;,&#8221;custom_css_classes&#8221;:&#8221;&#8221;,&#8221;custom_css_styles&#8221;:&#8221;&#8221;,&#8221;content&#8221;:&#8221;At 3 p.m., the B\u00f6rzs\u00f6ny Mountain Rescue Service received a call from a hiker. He explained that he was walking from Cs\u00f3v\u00e1nyos peak towards Nagy-Hideg-hegy peak when another hiker, running uphill from the direction of Szab\u00f3-k\u00f6vek, stopped him and asked for help. According to the information he had received, a woman had been seriously injured further down the trail.\\n\\nThe caller said that he would head towards the casualty and call again once he had found her, so that he could provide a more precise location and further information about her condition.\\nMeanwhile, the B\u00f6rzs\u00f6ny Mountain Rescue Service duty officer alerted the three mountain rescuers on duty in Szokolya and contacted the N\u00f3gr\u00e1d County operations control centre of the Disaster Management Authority as well as the <a href=\\\"https:\/\/www.ipolymentok.hu\/\\\" target=\\\"_blank\\\">Ipoly Valley Special Rescue Association<\/a>.\\n\\nShortly afterwards, the hiker who had offered to help called again. By then, he had reached the casualty and was able to confirm her exact location: the woman was at Vilma-pihen\u0151. He reported that she had suffered a serious injury to her leg but appeared to have no other injuries.&#8221;},{&#8220;component&#8221;:&#8221;hc_space&#8221;,&#8221;id&#8221;:&#8221;GLEb2&#8243;,&#8221;css_classes&#8221;:&#8221;&#8221;,&#8221;custom_css_classes&#8221;:&#8221;&#8221;,&#8221;custom_css_styles&#8221;:&#8221;&#8221;,&#8221;size&#8221;:&#8221;space-xs&#8221;,&#8221;height&#8221;:&#8221;&#8221;},{&#8220;component&#8221;:&#8221;hc_image&#8221;,&#8221;id&#8221;:&#8221;B3H7g&#8221;,&#8221;css_classes&#8221;:&#8221;&#8221;,&#8221;custom_css_classes&#8221;:&#8221;&#8221;,&#8221;custom_css_styles&#8221;:&#8221;&#8221;,&#8221;image&#8221;:&#8221;https:\/\/borzsonymentok.hu\/wp-content\/uploads\/2026\/08\/20260829_1_terkep-1-1024&#215;617.jpg|723|1200|990110649&#8243;,&#8221;alt&#8221;:&#8221;&#8221;,&#8221;thumb_size&#8221;:&#8221;full&#8221;},{&#8220;component&#8221;:&#8221;hc_space&#8221;,&#8221;id&#8221;:&#8221;yNjts&#8221;,&#8221;css_classes&#8221;:&#8221;&#8221;,&#8221;custom_css_classes&#8221;:&#8221;&#8221;,&#8221;custom_css_styles&#8221;:&#8221;&#8221;,&#8221;size&#8221;:&#8221;space-xs&#8221;,&#8221;height&#8221;:&#8221;&#8221;},{&#8220;component&#8221;:&#8221;hc_text_block&#8221;,&#8221;id&#8221;:&#8221;M6Q9x&#8221;,&#8221;css_classes&#8221;:&#8221;&#8221;,&#8221;custom_css_classes&#8221;:&#8221;&#8221;,&#8221;custom_css_styles&#8221;:&#8221;&#8221;,&#8221;content&#8221;:&#8221;At the time, a member of the Ipoly Valley Special Rescue Association happened to be at the ambulance station in Di\u00f3sjen\u0151. He therefore set off towards Cs\u00f3v\u00e1nyos peak together with personnel from the Hungarian National Ambulance Service and the necessary rescue equipment.\\n\\nAt the same time, the B\u00f6rzs\u00f6ny Mountain Rescue Service team approached Cs\u00f3v\u00e1nyos via the Sz\u00e9npatak\u2013Folt\u00e1n route.\\n\\nApproximately 35 minutes later, the teams from the Ipoly Valley Special Rescue Association and the B\u00f6rzs\u00f6ny Mountain Rescue Service met the Hungarian National Ambulance Service personnel at Cs\u00f3v\u00e1nyos. From there, they continued towards the casualty on foot, descending approximately 250 metres along the steep trail.&#8221;},{&#8220;component&#8221;:&#8221;hc_space&#8221;,&#8221;id&#8221;:&#8221;oFqy9&#8243;,&#8221;css_classes&#8221;:&#8221;&#8221;,&#8221;custom_css_classes&#8221;:&#8221;&#8221;,&#8221;custom_css_styles&#8221;:&#8221;&#8221;,&#8221;size&#8221;:&#8221;space-xs&#8221;,&#8221;height&#8221;:&#8221;&#8221;},{&#8220;component&#8221;:&#8221;hc_image&#8221;,&#8221;id&#8221;:&#8221;4HjrF&#8221;,&#8221;css_classes&#8221;:&#8221;&#8221;,&#8221;custom_css_classes&#8221;:&#8221;&#8221;,&#8221;custom_css_styles&#8221;:&#8221;&#8221;,&#8221;image&#8221;:&#8221;https:\/\/borzsonymentok.hu\/wp-content\/uploads\/2026\/08\/20260829_1_1-1024&#215;725.jpg|850|1200|990110650&#8243;,&#8221;alt&#8221;:&#8221;&#8221;,&#8221;thumb_size&#8221;:&#8221;full&#8221;},{&#8220;component&#8221;:&#8221;hc_space&#8221;,&#8221;id&#8221;:&#8221;PkoNb&#8221;,&#8221;css_classes&#8221;:&#8221;&#8221;,&#8221;custom_css_classes&#8221;:&#8221;&#8221;,&#8221;custom_css_styles&#8221;:&#8221;&#8221;,&#8221;size&#8221;:&#8221;space-xs&#8221;,&#8221;height&#8221;:&#8221;&#8221;},{&#8220;component&#8221;:&#8221;hc_text_block&#8221;,&#8221;id&#8221;:&#8221;Us86G&#8221;,&#8221;css_classes&#8221;:&#8221;&#8221;,&#8221;custom_css_classes&#8221;:&#8221;&#8221;,&#8221;custom_css_styles&#8221;:&#8221;&#8221;,&#8221;content&#8221;:&#8221;At the scene, the Hungarian National Ambulance Service personnel examined the injured woman while the mountain rescuers assembled the wheeled mountain rescue stretcher they had brought with them.\\nOnce the ambulance crew had treated and stabilised the casualty for transport, the physically most demanding part of the rescue began.\\n\\nThe woman had to be carried on the mountain rescue stretcher back up the same steep trail all the way to Cs\u00f3v\u00e1nyos peak. Although this involved a considerable ascent, every other possible evacuation route would have been significantly longer.&#8221;},{&#8220;component&#8221;:&#8221;hc_space&#8221;,&#8221;id&#8221;:&#8221;mByOm&#8221;,&#8221;css_classes&#8221;:&#8221;&#8221;,&#8221;custom_css_classes&#8221;:&#8221;&#8221;,&#8221;custom_css_styles&#8221;:&#8221;&#8221;,&#8221;size&#8221;:&#8221;space-xs&#8221;,&#8221;height&#8221;:&#8221;&#8221;},{&#8220;component&#8221;:&#8221;hc_image&#8221;,&#8221;id&#8221;:&#8221;X8ML2&#8243;,&#8221;css_classes&#8221;:&#8221;&#8221;,&#8221;custom_css_classes&#8221;:&#8221;&#8221;,&#8221;custom_css_styles&#8221;:&#8221;&#8221;,&#8221;image&#8221;:&#8221;https:\/\/borzsonymentok.hu\/wp-content\/uploads\/2026\/08\/20260829_1_4-1024&#215;614.jpg|750|1250|990110651&#8243;,&#8221;alt&#8221;:&#8221;&#8221;,&#8221;thumb_size&#8221;:&#8221;full&#8221;},{&#8220;component&#8221;:&#8221;hc_space&#8221;,&#8221;id&#8221;:&#8221;ECdUY&#8221;,&#8221;css_classes&#8221;:&#8221;&#8221;,&#8221;custom_css_classes&#8221;:&#8221;&#8221;,&#8221;custom_css_styles&#8221;:&#8221;&#8221;,&#8221;size&#8221;:&#8221;space-xs&#8221;,&#8221;height&#8221;:&#8221;&#8221;},{&#8220;component&#8221;:&#8221;hc_text_block&#8221;,&#8221;id&#8221;:&#8221;MD5bb&#8221;,&#8221;css_classes&#8221;:&#8221;&#8221;,&#8221;custom_css_classes&#8221;:&#8221;&#8221;,&#8221;custom_css_styles&#8221;:&#8221;&#8221;,&#8221;content&#8221;:&#8221;Through the coordinated efforts of the Ipoly Valley Special Rescue Association, the Hungarian National Ambulance Service and the B\u00f6rzs\u00f6ny Mountain Rescue Service, the injured woman was successfully transported up to Cs\u00f3v\u00e1nyos peak.\\n\\nFrom there, the teams jointly transported her in the Ipoly Valley Special Rescue Association&#8217;s off-road vehicle to the ambulance waiting in Di\u00f3sjen\u0151.\\n\\nThe Hungarian National Ambulance Service subsequently transported the casualty to the hospital in V\u00e1c for further examination and treatment.&#8221;},{&#8220;component&#8221;:&#8221;hc_space&#8221;,&#8221;id&#8221;:&#8221;MkXD1&#8243;,&#8221;css_classes&#8221;:&#8221;&#8221;,&#8221;custom_css_classes&#8221;:&#8221;&#8221;,&#8221;custom_css_styles&#8221;:&#8221;&#8221;,&#8221;size&#8221;:&#8221;space-xs&#8221;,&#8221;height&#8221;:&#8221;&#8221;},{&#8220;component&#8221;:&#8221;hc_image&#8221;,&#8221;id&#8221;:&#8221;SSGOa&#8221;,&#8221;css_classes&#8221;:&#8221;&#8221;,&#8221;custom_css_classes&#8221;:&#8221;&#8221;,&#8221;custom_css_styles&#8221;:&#8221;&#8221;,&#8221;image&#8221;:&#8221;https:\/\/borzsonymentok.hu\/wp-content\/uploads\/2026\/08\/20260829_1_5-1024&#215;614.jpg|750|1250|990110652&#8243;,&#8221;alt&#8221;:&#8221;&#8221;,&#8221;thumb_size&#8221;:&#8221;full&#8221;},{&#8220;component&#8221;:&#8221;hc_space&#8221;,&#8221;id&#8221;:&#8221;bosiH&#8221;,&#8221;css_classes&#8221;:&#8221;&#8221;,&#8221;custom_css_classes&#8221;:&#8221;&#8221;,&#8221;custom_css_styles&#8221;:&#8221;&#8221;,&#8221;size&#8221;:&#8221;space-xs&#8221;,&#8221;height&#8221;:&#8221;&#8221;},{&#8220;component&#8221;:&#8221;hc_text_block&#8221;,&#8221;id&#8221;:&#8221;nccuN&#8221;,&#8221;css_classes&#8221;:&#8221;&#8221;,&#8221;custom_css_classes&#8221;:&#8221;&#8221;,&#8221;custom_css_styles&#8221;:&#8221;&#8221;,&#8221;content&#8221;:&#8221;K\u00fcl\u00f6n szeretn\u00e9nk megk\u00f6sz\u00f6nni annak a t\u00far\u00e1z\u00f3nak a seg\u00edts\u00e9g\u00e9t, aki a bejelent\u00e9st k\u00f6vet\u0151en elindult a s\u00e9r\u00fclt fel\u00e9, majd a helysz\u00edn el\u00e9r\u00e9se ut\u00e1n pontos inform\u00e1ci\u00f3kkal seg\u00edtette a ment\u00e9s megszervez\u00e9s\u00e9t. Helyismeret\u00e9vel \u00e9s r\u00e1termetts\u00e9g\u00e9vel nagyban hozz\u00e1j\u00e1rult ahhoz, hogy gyorsan tiszt\u00e1zni tudjuk a s\u00e9r\u00fclt pontos hely\u00e9t \u00e9s a k\u00f6r\u00fclm\u00e9nyeket.\\n\\nHegyvid\u00e9ki ment\u00e9sn\u00e9l a pontos helysz\u00edn ismerete rendk\u00edv\u00fcl fontos. A B\u00f6rzs\u00f6nyben ak\u00e1r n\u00e9h\u00e1ny sz\u00e1z m\u00e9teres elt\u00e9r\u00e9s is teljesen m\u00e1s megk\u00f6zel\u00edt\u00e9si vagy ment\u00e9si \u00fatvonalat jelenthet. A c\u00e9lunk minden esetben az, hogy a s\u00e9r\u00fcltet a terepj\u00e1r\u00f3 ment\u0151j\u00e1rm\u0171vekkel a lehet\u0151 legjobban megk\u00f6zel\u00edts\u00fck, \u00e9s a hord\u00e1ggyal t\u00f6rt\u00e9n\u0151 sz\u00e1ll\u00edt\u00e1s a lehet\u0151 legr\u00f6videbb \u00fatvonalon \u2013 lehet\u0151s\u00e9g szerint lefel\u00e9 \u2013 t\u00f6rt\u00e9njen.\\n\\nEbben az esetben a terep \u00e9s a s\u00e9r\u00fclt elhelyezked\u00e9se miatt \u00e9ppen az ellenkez\u0151j\u00e9re volt sz\u00fcks\u00e9g: a h\u00f6lgyet el\u0151sz\u00f6r a meredek \u00f6sv\u00e9nyen felfel\u00e9, a Cs\u00f3v\u00e1nyosra kellett sz\u00e1ll\u00edtanunk, mert \u00f6sszess\u00e9g\u00e9ben ez jelentette a leggyorsabb \u00e9s leghat\u00e9konyabb ment\u00e9si \u00fatvonalat.&#8221;},{&#8220;component&#8221;:&#8221;hc_space&#8221;,&#8221;id&#8221;:&#8221;flZ8Z&#8221;,&#8221;css_classes&#8221;:&#8221;&#8221;,&#8221;custom_css_classes&#8221;:&#8221;&#8221;,&#8221;custom_css_styles&#8221;:&#8221;&#8221;,&#8221;size&#8221;:&#8221;space-xs&#8221;,&#8221;height&#8221;:&#8221;&#8221;},{&#8220;component&#8221;:&#8221;hc_text_block&#8221;,&#8221;id&#8221;:&#8221;Bd1EF&#8221;,&#8221;css_classes&#8221;:&#8221;&#8221;,&#8221;custom_css_classes&#8221;:&#8221;&#8221;,&#8221;custom_css_styles&#8221;:&#8221;&#8221;,&#8221;content&#8221;:&#8221;<iframe width=\\\"464\\\" height=\\\"824\\\" src=\\\"https:\/\/youtube.com\/embed\/63u2qjVkex4\\\" title=\\\"L\u00e1bs\u00e9r\u00fclt t\u00far\u00e1z\u00f3 a Vilma-pihen\u0151n\u00e9l\\\" frameborder=\\\"0\\\" allow=\\\"accelerometer; autoplay; clipboard-write; encrypted-media; gyroscope; picture-in-picture; web-share\\\" referrerpolicy=\\\"strict-origin-when-cross-origin\\\" allowfullscreen><\/iframe>\\n&#8221;},{&#8220;component&#8221;:&#8221;hc_space&#8221;,&#8221;id&#8221;:&#8221;Fxp9i&#8221;,&#8221;css_classes&#8221;:&#8221;&#8221;,&#8221;custom_css_classes&#8221;:&#8221;&#8221;,&#8221;custom_css_styles&#8221;:&#8221;&#8221;,&#8221;size&#8221;:&#8221;space-xs&#8221;,&#8221;height&#8221;:&#8221;&#8221;},{&#8220;component&#8221;:&#8221;hc_text_block&#8221;,&#8221;id&#8221;:&#8221;5hFW6&#8243;,&#8221;css_classes&#8221;:&#8221;&#8221;,&#8221;custom_css_classes&#8221;:&#8221;&#8221;,&#8221;custom_css_styles&#8221;:&#8221;&#8221;,&#8221;content&#8221;:&#8221;<!-- Shortcode is missing \"name\" attribute -->&#8220;},{&#8220;component&#8221;:&#8221;hc_separator&#8221;,&#8221;id&#8221;:&#8221;9CjQo&#8221;,&#8221;css_classes&#8221;:&#8221;&#8221;,&#8221;custom_css_classes&#8221;:&#8221;&#8221;,&#8221;custom_css_styles&#8221;:&#8221;&#8221;},{&#8220;component&#8221;:&#8221;hc_text_block&#8221;,&#8221;id&#8221;:&#8221;a5uGE&#8221;,&#8221;css_classes&#8221;:&#8221;&#8221;,&#8221;custom_css_classes&#8221;:&#8221;&#8221;,&#8221;custom_css_styles&#8221;:&#8221;&#8221;,&#8221;content&#8221;:&#8221;<br \/>\\n&#8220;},{&#8220;component&#8221;:&#8221;hc_separator&#8221;,&#8221;id&#8221;:&#8221;qOEew&#8221;,&#8221;css_classes&#8221;:&#8221;&#8221;,&#8221;custom_css_classes&#8221;:&#8221;&#8221;,&#8221;custom_css_styles&#8221;:&#8221;&#8221;},{&#8220;component&#8221;:&#8221;hc_pt_navigation&#8221;,&#8221;id&#8221;:&#8221;kE6aF&#8221;,&#8221;css_classes&#8221;:&#8221;&#8221;,&#8221;custom_css_classes&#8221;:&#8221;&#8221;,&#8221;custom_css_styles&#8221;:&#8221;&#8221;,&#8221;post_type_slug&#8221;:&#8221;post&#8221;,&#8221;archive_link&#8221;:&#8221;\/hirek&#8221;,&#8221;previous_text&#8221;:&#8221;El\u0151z\u0151 h\u00edr&#8221;,&#8221;next_text&#8221;:&#8221;K\u00f6vetkez\u0151 h\u00edr&#8221;}]}],&#8221;section_settings&#8221;:&#8221;&#8221;},&#8221;scripts&#8221;:{},&#8221;css&#8221;:{},&#8221;css_page&#8221;:&#8221;&#8221;,&#8221;template_setting&#8221;:{},&#8221;template_setting_top&#8221;:{},&#8221;page_setting&#8221;:{&#8220;settings&#8221;:[&#8220;lock-mode-off&#8221;]},&#8221;post_type_setting&#8221;:{&#8220;settings&#8221;:{&#8220;image&#8221;:&#8221;https:\/\/borzsonymentok.hu\/wp-content\/uploads\/2026\/08\/20260829_1_4_800.jpg|500|800|990110648&#8243;,&#8221;excerpt&#8221;:&#8221;On Saturday afternoon, the B\u00f6rzs\u00f6ny Mountain Rescue Service was called to assist a seriously injured hiker near Cs\u00f3v\u00e1nyos peak. A woman descending from Cs\u00f3v\u00e1nyos slipped near Vilma-pihen\u0151 and suffered a serious leg injury.&#8221;,&#8221;extra_1&#8243;:&#8221;&#8221;,&#8221;extra_2&#8243;:&#8221;&#8221;,&#8221;icon&#8221;:{&#8220;icon&#8221;:&#8221;&#8221;,&#8221;icon_style&#8221;:&#8221;&#8221;,&#8221;icon_image&#8221;:&#8221;&#8221;}}}}<\/p>\n","protected":false},"excerpt":{"rendered":"<p>On Saturday afternoon, the B\u00f6rzs\u00f6ny Mountain Rescue Service was called to assist a seriously injured hiker near Cs\u00f3v\u00e1nyos. A woman descending from Cs\u00f3v\u00e1nyos slipped near Vilma-pihen\u0151 and suffered a serious leg injury.<\/p>\n","protected":false},"author":1,"featured_media":990110697,"comment_status":"closed","ping_status":"open","sticky":false,"template":"","format":"standard","meta":{"footnotes":""},"categories":[117,70,41,42,44],"tags":[],"class_list":["post-990110698","post","type-post","status-publish","format-standard","has-post-thumbnail","hentry","category-borzsony-en","category-csovanyos-en","category-events","category-news","category-rescue"],"_links":{"self":[{"href":"https:\/\/borzsonymentok.hu\/en\/wp-json\/wp\/v2\/posts\/990110698","targetHints":{"allow":["GET"]}}],"collection":[{"href":"https:\/\/borzsonymentok.hu\/en\/wp-json\/wp\/v2\/posts"}],"about":[{"href":"https:\/\/borzsonymentok.hu\/en\/wp-json\/wp\/v2\/types\/post"}],"author":[{"embeddable":true,"href":"https:\/\/borzsonymentok.hu\/en\/wp-json\/wp\/v2\/users\/1"}],"replies":[{"embeddable":true,"href":"https:\/\/borzsonymentok.hu\/en\/wp-json\/wp\/v2\/comments?post=990110698"}],"version-history":[{"count":2,"href":"https:\/\/borzsonymentok.hu\/en\/wp-json\/wp\/v2\/posts\/990110698\/revisions"}],"predecessor-version":[{"id":990110706,"href":"https:\/\/borzsonymentok.hu\/en\/wp-json\/wp\/v2\/posts\/990110698\/revisions\/990110706"}],"wp:featuredmedia":[{"embeddable":true,"href":"https:\/\/borzsonymentok.hu\/en\/wp-json\/wp\/v2\/media\/990110697"}],"wp:attachment":[{"href":"https:\/\/borzsonymentok.hu\/en\/wp-json\/wp\/v2\/media?parent=990110698"}],"wp:term":[{"taxonomy":"category","embeddable":true,"href":"https:\/\/borzsonymentok.hu\/en\/wp-json\/wp\/v2\/categories?post=990110698"},{"taxonomy":"post_tag","embeddable":true,"href":"https:\/\/borzsonymentok.hu\/en\/wp-json\/wp\/v2\/tags?post=990110698"}],"curies":[{"name":"wp","href":"https:\/\/api.w.org\/{rel}","templated":true}]}}